{"id":31934,"date":"2021-06-05T10:21:07","date_gmt":"2021-06-05T08:21:07","guid":{"rendered":"https:\/\/tourisme-valaigo.fr\/?p=31934"},"modified":"2021-06-05T10:48:07","modified_gmt":"2021-06-05T08:48:07","slug":"direction-le-monde-de-randoland","status":"publish","type":"post","link":"https:\/\/tourisme-valaigo.fr\/en\/direction-le-monde-de-randoland\/","title":{"rendered":"Direction le monde de Randoland !"},"content":{"rendered":"<div data-elementor-type=\"wp-post\" data-elementor-id=\"31934\" class=\"elementor elementor-31934\">\n\t\t\t\t\t\t\t\t\t<section class=\"elementor-section elementor-top-section elementor-element elementor-element-659f349d elementor-section-full_width elementor-section-stretched elementor-section-height-default elementor-section-height-default\" data-id=\"659f349d\" data-element_type=\"section\" data-settings=\"{&quot;background_background&quot;:&quot;classic&quot;,&quot;stretch_section&quot;:&quot;section-stretched&quot;}\">\n\t\t\t\t\t\t<div class=\"elementor-container elementor-column-gap-default\">\n\t\t\t\t\t<div class=\"elementor-column elementor-col-100 elementor-top-column elementor-element elementor-element-53c3dad3\" data-id=\"53c3dad3\" data-element_type=\"column\">\n\t\t\t<div class=\"elementor-widget-wrap elementor-element-populated\">\n\t\t\t\t\t\t\t\t<div class=\"elementor-element elementor-element-4dde6a91 elementor-hidden-phone elementor-widget elementor-widget-heading\" data-id=\"4dde6a91\" data-element_type=\"widget\" data-widget_type=\"heading.default\">\n\t\t\t\t<div class=\"elementor-widget-container\">\n\t\t\t<p class=\"elementor-heading-title elementor-size-small\">La vall\u00e9e de l\u2019eau \u00e0 la crois\u00e9e des chemins  entre Montauban, Albi et Toulouse\n<\/p>\t\t<\/div>\n\t\t\t\t<\/div>\n\t\t\t\t\t<\/div>\n\t\t<\/div>\n\t\t\t\t\t\t\t<\/div>\n\t\t<\/section>\n\t\t\t\t<section class=\"elementor-section elementor-top-section elementor-element elementor-element-6b5e2042 elementor-section-stretched elementor-section-full_width elementor-section-height-default elementor-section-height-default\" data-id=\"6b5e2042\" data-element_type=\"section\" data-settings=\"{&quot;background_background&quot;:&quot;classic&quot;,&quot;shape_divider_bottom&quot;:&quot;curve&quot;,&quot;shape_divider_bottom_negative&quot;:&quot;yes&quot;,&quot;stretch_section&quot;:&quot;section-stretched&quot;}\">\n\t\t\t\t\t\t\t<div class=\"elementor-background-overlay\"><\/div>\n\t\t\t\t\t\t<div class=\"elementor-shape elementor-shape-bottom\" data-negative=\"true\">\n\t\t\t<svg xmlns=\"http:\/\/www.w3.org\/2000\/svg\" viewbox=\"0 0 1000 100\" preserveaspectratio=\"none\">\n\t<path class=\"elementor-shape-fill\" d=\"M500,97C126.7,96.3,0.8,19.8,0,0v100l1000,0V1C1000,19.4,873.3,97.8,500,97z\"\/>\n<\/svg>\t\t<\/div>\n\t\t\t\t\t<div class=\"elementor-container elementor-column-gap-default\">\n\t\t\t\t\t<div class=\"elementor-column elementor-col-100 elementor-top-column elementor-element elementor-element-308f555b\" data-id=\"308f555b\" data-element_type=\"column\">\n\t\t\t<div class=\"elementor-widget-wrap elementor-element-populated\">\n\t\t\t\t\t\t\t\t<div class=\"elementor-element elementor-element-4c5dcb00 elementor-widget-divider--view-line elementor-widget elementor-widget-divider\" data-id=\"4c5dcb00\" data-element_type=\"widget\" data-widget_type=\"divider.default\">\n\t\t\t\t<div class=\"elementor-widget-container\">\n\t\t\t\t\t<div class=\"elementor-divider\">\n\t\t\t<span class=\"elementor-divider-separator\">\n\t\t\t\t\t\t<\/span>\n\t\t<\/div>\n\t\t\t\t<\/div>\n\t\t\t\t<\/div>\n\t\t\t\t\t<\/div>\n\t\t<\/div>\n\t\t\t\t\t\t\t<\/div>\n\t\t<\/section>\n\t\t\t\t<section class=\"elementor-section elementor-top-section elementor-element elementor-element-472f4735 elementor-section-boxed elementor-section-height-default elementor-section-height-default\" data-id=\"472f4735\" data-element_type=\"section\">\n\t\t\t\t\t\t<div class=\"elementor-container elementor-column-gap-default\">\n\t\t\t\t\t<div class=\"elementor-column elementor-col-100 elementor-top-column elementor-element elementor-element-6fdf967\" data-id=\"6fdf967\" data-element_type=\"column\">\n\t\t\t<div class=\"elementor-widget-wrap elementor-element-populated\">\n\t\t\t\t\t\t\t\t<div class=\"elementor-element elementor-element-41d6058a elementor-widget elementor-widget-image\" data-id=\"41d6058a\" data-element_type=\"widget\" data-widget_type=\"image.default\">\n\t\t\t\t<div class=\"elementor-widget-container\">\n\t\t\t\t\t\t\t\t\t\t\t\t\t\t\t<img loading=\"lazy\" decoding=\"async\" width=\"360\" height=\"360\" src=\"https:\/\/tourisme-valaigo.fr\/web\/wp-content\/uploads\/2021\/06\/randoland-blaireau.jpg\" class=\"attachment-1536x1536 size-1536x1536 wp-image-31948\" alt=\"\" srcset=\"https:\/\/tourisme-valaigo.fr\/web\/wp-content\/uploads\/2021\/06\/randoland-blaireau.jpg 360w, https:\/\/tourisme-valaigo.fr\/web\/wp-content\/uploads\/2021\/06\/randoland-blaireau-300x300.jpg 300w, https:\/\/tourisme-valaigo.fr\/web\/wp-content\/uploads\/2021\/06\/randoland-blaireau-150x150.jpg 150w, https:\/\/tourisme-valaigo.fr\/web\/wp-content\/uploads\/2021\/06\/randoland-blaireau-12x12.jpg 12w\" sizes=\"auto, (max-width: 360px) 100vw, 360px\" \/>\t\t\t\t\t\t\t\t\t\t\t\t\t\t\t<\/div>\n\t\t\t\t<\/div>\n\t\t\t\t<div class=\"elementor-element elementor-element-516e490 elementor-widget elementor-widget-text-editor\" data-id=\"516e490\" data-element_type=\"widget\" data-widget_type=\"text-editor.default\">\n\t\t\t\t<div class=\"elementor-widget-container\">\n\t\t\t\t\t\t\t<h2><strong>M. Blaireau: Direction le monde de Randoland !<br \/><\/strong><\/h2>\t\t\t\t\t\t<\/div>\n\t\t\t\t<\/div>\n\t\t\t\t\t<\/div>\n\t\t<\/div>\n\t\t\t\t\t\t\t<\/div>\n\t\t<\/section>\n\t\t\t\t<section class=\"elementor-section elementor-top-section elementor-element elementor-element-e9e8ea4 elementor-section-boxed elementor-section-height-default elementor-section-height-default\" data-id=\"e9e8ea4\" data-element_type=\"section\">\n\t\t\t\t\t\t<div class=\"elementor-container elementor-column-gap-default\">\n\t\t\t\t\t<div class=\"elementor-column elementor-col-50 elementor-top-column elementor-element elementor-element-0ac8220\" data-id=\"0ac8220\" data-element_type=\"column\">\n\t\t\t<div class=\"elementor-widget-wrap elementor-element-populated\">\n\t\t\t\t\t\t\t\t<div class=\"elementor-element elementor-element-6c73291 elementor-widget elementor-widget-text-editor\" data-id=\"6c73291\" data-element_type=\"widget\" data-widget_type=\"text-editor.default\">\n\t\t\t\t<div class=\"elementor-widget-container\">\n\t\t\t\t\t\t\t<p><span style=\"font-weight: 400;\"><span style=\"color: #ffcc00;\"><strong>Finies les balades o\u00f9 les enfants tra\u00eenent les pieds !\u00a0 <\/strong><\/span><\/span><\/p><p>Avec les balades ludiques Randoland, ma tribu est partie de l\u2019avant ! A nous la d\u00e9couverte de la jolie cit\u00e9 de Villemur, et \u00e0 chacun ses \u00e9nigmes en fonction de sa tranche d\u2019\u00e2ge ! En tant que chef de tribu, c\u2019est moi qui d\u00e9tiens le descriptif du circuit et du village. Et nous voil\u00e0 lanc\u00e9s dans les rues de Villemur, qui a trouv\u00e9 la sortie du labyrinthe, qui a cherch\u00e9 les \u00e9l\u00e9ments du code myst\u00e8re, et c\u2019est par d\u00e9duction que mes plus grands sont arriv\u00e9s \u00e0 r\u00e9soudre le d\u00e9fi lanc\u00e9 par le petit blaireau. Une bien belle d\u00e9couverte !<\/p><p>On nous a dit qu\u2019une autre balade \u00e9tait en place \u00e0 Buzet, alors on va y aller, \u00e7a c\u2019est s\u00fbr !<\/p>\t\t\t\t\t\t<\/div>\n\t\t\t\t<\/div>\n\t\t\t\t<div class=\"elementor-element elementor-element-94d3676 elementor-position-left elementor-view-default elementor-mobile-position-top elementor-vertical-align-top elementor-widget elementor-widget-icon-box\" data-id=\"94d3676\" data-element_type=\"widget\" data-widget_type=\"icon-box.default\">\n\t\t\t\t<div class=\"elementor-widget-container\">\n\t\t\t\t\t<div class=\"elementor-icon-box-wrapper\">\n\t\t\t\t\t\t<div class=\"elementor-icon-box-icon\">\n\t\t\t\t<span class=\"elementor-icon elementor-animation-\" >\n\t\t\t\t<i aria-hidden=\"true\" class=\"far fa-lightbulb\"><\/i>\t\t\t\t<\/span>\n\t\t\t<\/div>\n\t\t\t\t\t\t<div class=\"elementor-icon-box-content\">\n\t\t\t\t<h3 class=\"elementor-icon-box-title\">\n\t\t\t\t\t<span  >\n\t\t\t\t\t\tLe Petit + \t\t\t\t\t<\/span>\n\t\t\t\t<\/h3>\n\t\t\t\t\t\t\t\t\t<p class=\"elementor-icon-box-description\">\n\t\t\t\t\t\t Et pourquoi ne pas finir la balade avec une glace de la P\u00e2tisserie Barat \u00e0 Villemur-sur-Tarn ou de la Prairie des Glaces pour ceux qui sont \u00e0 Buzet-sur-Tarn.\n\n\t\t\t\t\t<\/p>\n\t\t\t\t\t\t\t<\/div>\n\t\t<\/div>\n\t\t\t\t<\/div>\n\t\t\t\t<\/div>\n\t\t\t\t\t<\/div>\n\t\t<\/div>\n\t\t\t\t<div class=\"elementor-column elementor-col-50 elementor-top-column elementor-element elementor-element-e801961\" data-id=\"e801961\" data-element_type=\"column\" data-settings=\"{&quot;background_background&quot;:&quot;slideshow&quot;,&quot;background_slideshow_gallery&quot;:[{&quot;id&quot;:31938,&quot;url&quot;:&quot;https:\\\/\\\/tourisme-valaigo.fr\\\/web\\\/wp-content\\\/uploads\\\/2021\\\/06\\\/Topoguide-randoland-Villemur.jpg&quot;},{&quot;id&quot;:31939,&quot;url&quot;:&quot;https:\\\/\\\/tourisme-valaigo.fr\\\/web\\\/wp-content\\\/uploads\\\/2021\\\/06\\\/topoguide-randoland-Buzet.jpg&quot;}],&quot;background_slideshow_loop&quot;:&quot;yes&quot;,&quot;background_slideshow_slide_duration&quot;:5000,&quot;background_slideshow_slide_transition&quot;:&quot;fade&quot;,&quot;background_slideshow_transition_duration&quot;:500}\">\n\t\t\t<div class=\"elementor-widget-wrap\">\n\t\t\t\t\t\t\t\t\t<\/div>\n\t\t<\/div>\n\t\t\t\t\t\t\t<\/div>\n\t\t<\/section>\n\t\t\t\t<section class=\"elementor-section elementor-top-section elementor-element elementor-element-2e639e37 elementor-section-boxed elementor-section-height-default elementor-section-height-default\" data-id=\"2e639e37\" data-element_type=\"section\" data-settings=\"{&quot;background_background&quot;:&quot;classic&quot;}\">\n\t\t\t\t\t\t<div class=\"elementor-container elementor-column-gap-default\">\n\t\t\t\t\t<div class=\"elementor-column elementor-col-100 elementor-top-column elementor-element elementor-element-4b5f02da\" data-id=\"4b5f02da\" data-element_type=\"column\">\n\t\t\t<div class=\"elementor-widget-wrap elementor-element-populated\">\n\t\t\t\t\t\t\t\t<div class=\"elementor-element elementor-element-3461a9a6 elementor-widget elementor-widget-heading\" data-id=\"3461a9a6\" data-element_type=\"widget\" data-widget_type=\"heading.default\">\n\t\t\t\t<div class=\"elementor-widget-container\">\n\t\t\t<h2 class=\"elementor-heading-title elementor-size-default\"> si cette exp\u00e9rience vous pla\u00eet vous aimerez peut-\u00eatre aussi celle-ci  :<\/h2>\t\t<\/div>\n\t\t\t\t<\/div>\n\t\t\t\t<div class=\"elementor-element elementor-element-11d87a18 elementor-widget elementor-widget-htmega-postslider-addons\" data-id=\"11d87a18\" data-element_type=\"widget\" data-settings=\"{&quot;slider_post_type&quot;:&quot;post&quot;}\" data-widget_type=\"htmega-postslider-addons.default\">\n\t\t\t\t<div class=\"elementor-widget-container\">\n\t\t\t            <div class=\"htmega-postslider-area htmega-postslider-style-3 -st-layout-4 htmega-carousel-activation htmega-arrow-2\" dir=\"ltr\" data-settings=\"{&quot;arrows&quot;:true,&quot;arrow_prev_txt&quot;:&quot;&lt;i class=\\&quot;fas fa-angle-left\\&quot;&gt;&lt;\\\/i&gt;&quot;,&quot;arrow_next_txt&quot;:&quot;&lt;i class=\\&quot;fas fa-angle-right\\&quot;&gt;&lt;\\\/i&gt;&quot;,&quot;dots&quot;:false,&quot;autoplay&quot;:false,&quot;autoplay_speed&quot;:3000,&quot;animation_speed&quot;:300,&quot;pause_on_hover&quot;:true,&quot;center_mode&quot;:true,&quot;center_padding&quot;:50,&quot;carousel_style_ck&quot;:3,&quot;display_columns&quot;:4,&quot;scroll_columns&quot;:1,&quot;tablet_width&quot;:750,&quot;tablet_display_columns&quot;:1,&quot;tablet_scroll_columns&quot;:1,&quot;mobile_width&quot;:480,&quot;mobile_display_columns&quot;:1,&quot;mobile_scroll_columns&quot;:1}\" style='display:none;'>\n\n                                    <div class=\"htmega-data-title htmega-single-post-slide htmega-postslider-layout-3 -st-layout-4\" data-title=\"Direction le monde de Randoland !\" data-thumbnail=\"\" >\n\n                                                    <div class=\"thumb\">\n                                <a href=\"https:\/\/tourisme-valaigo.fr\/en\/direction-le-monde-de-randoland\/\"><img loading=\"lazy\" decoding=\"async\" width=\"569\" height=\"389\" src=\"https:\/\/tourisme-valaigo.fr\/web\/wp-content\/uploads\/2021\/06\/Randoland-4.jpg\" class=\"attachment-htmega_size_1170x536 size-htmega_size_1170x536 wp-post-image\" alt=\"\" srcset=\"https:\/\/tourisme-valaigo.fr\/web\/wp-content\/uploads\/2021\/06\/Randoland-4.jpg 569w, https:\/\/tourisme-valaigo.fr\/web\/wp-content\/uploads\/2021\/06\/Randoland-4-300x205.jpg 300w, https:\/\/tourisme-valaigo.fr\/web\/wp-content\/uploads\/2021\/06\/Randoland-4-16x12.jpg 16w\" sizes=\"auto, (max-width: 569px) 100vw, 569px\" \/><\/a>\n                            <\/div>\n                                        <div class=\"content\">\n                <div class=\"post-inner\">\n                                            <ul class=\"post-category\">\n                                                                    <li><a href=\"https:\/\/tourisme-valaigo.fr\/en\/category\/experience\/\" class=\"category experience\">Sympa pour ma tribu<\/a><\/li>\n                                                                <\/ul>\n                                                                    <h2><a href=\"https:\/\/tourisme-valaigo.fr\/en\/direction-le-monde-de-randoland\/\">Direction le monde de Randoland<\/a><\/h2>\n                                                            <\/div>\n            <\/div>\n                                \n                    <\/div>\n\n                                    <div class=\"htmega-data-title htmega-single-post-slide htmega-postslider-layout-3 -st-layout-4\" data-title=\"Du Tarn au vignoble\" data-thumbnail=\"\" >\n\n                                                    <div class=\"thumb\">\n                                <a href=\"https:\/\/tourisme-valaigo.fr\/en\/du-tarn-au-vignoble\/\"><img loading=\"lazy\" decoding=\"async\" width=\"640\" height=\"426\" src=\"https:\/\/tourisme-valaigo.fr\/web\/wp-content\/uploads\/2020\/07\/vigne.jpg\" class=\"attachment-htmega_size_1170x536 size-htmega_size_1170x536 wp-post-image\" alt=\"\" srcset=\"https:\/\/tourisme-valaigo.fr\/web\/wp-content\/uploads\/2020\/07\/vigne.jpg 640w, https:\/\/tourisme-valaigo.fr\/web\/wp-content\/uploads\/2020\/07\/vigne-300x200.jpg 300w\" sizes=\"auto, (max-width: 640px) 100vw, 640px\" \/><\/a>\n                            <\/div>\n                                        <div class=\"content\">\n                <div class=\"post-inner\">\n                                            <ul class=\"post-category\">\n                                                                    <li><a href=\"https:\/\/tourisme-valaigo.fr\/en\/category\/experience-3\/\" class=\"category experience-3\">Bien \u00e0 deux<\/a><\/li>\n                                                                <\/ul>\n                                                                    <h2><a href=\"https:\/\/tourisme-valaigo.fr\/en\/du-tarn-au-vignoble\/\">Du Tarn au vignoble<\/a><\/h2>\n                                                            <\/div>\n            <\/div>\n                                \n                    <\/div>\n\n                                    <div class=\"htmega-data-title htmega-single-post-slide htmega-postslider-layout-3 -st-layout-4\" data-title=\"Au grand air et \u00e0 l&rsquo;eau\" data-thumbnail=\"\" >\n\n                                                    <div class=\"thumb\">\n                                <a href=\"https:\/\/tourisme-valaigo.fr\/en\/au-grand-air-et-a-leau\/\"><img loading=\"lazy\" decoding=\"async\" width=\"640\" height=\"426\" src=\"https:\/\/tourisme-valaigo.fr\/web\/wp-content\/uploads\/2020\/07\/rando.jpg\" class=\"attachment-htmega_size_1170x536 size-htmega_size_1170x536 wp-post-image\" alt=\"\" srcset=\"https:\/\/tourisme-valaigo.fr\/web\/wp-content\/uploads\/2020\/07\/rando.jpg 640w, https:\/\/tourisme-valaigo.fr\/web\/wp-content\/uploads\/2020\/07\/rando-300x200.jpg 300w\" sizes=\"auto, (max-width: 640px) 100vw, 640px\" \/><\/a>\n                            <\/div>\n                                        <div class=\"content\">\n                <div class=\"post-inner\">\n                                            <ul class=\"post-category\">\n                                                                    <li><a href=\"https:\/\/tourisme-valaigo.fr\/en\/category\/experience-2\/\" class=\"category experience-2\">\u00e7a bouge ici<\/a><\/li>\n                                                                <\/ul>\n                                                                    <h2><a href=\"https:\/\/tourisme-valaigo.fr\/en\/au-grand-air-et-a-leau\/\">Au grand air et \u00e0<\/a><\/h2>\n                                                            <\/div>\n            <\/div>\n                                \n                    <\/div>\n\n                                    <div class=\"htmega-data-title htmega-single-post-slide htmega-postslider-layout-3 -st-layout-4\" data-title=\"Entre histoire et vin\" data-thumbnail=\"\" >\n\n                                                    <div class=\"thumb\">\n                                <a href=\"https:\/\/tourisme-valaigo.fr\/en\/entre-histoire-et-vin\/\"><img loading=\"lazy\" decoding=\"async\" width=\"640\" height=\"426\" src=\"https:\/\/tourisme-valaigo.fr\/web\/wp-content\/uploads\/2020\/07\/vins.jpg\" class=\"attachment-htmega_size_1170x536 size-htmega_size_1170x536 wp-post-image\" alt=\"\" srcset=\"https:\/\/tourisme-valaigo.fr\/web\/wp-content\/uploads\/2020\/07\/vins.jpg 640w, https:\/\/tourisme-valaigo.fr\/web\/wp-content\/uploads\/2020\/07\/vins-300x200.jpg 300w\" sizes=\"auto, (max-width: 640px) 100vw, 640px\" \/><\/a>\n                            <\/div>\n                                        <div class=\"content\">\n                <div class=\"post-inner\">\n                                            <ul class=\"post-category\">\n                                                                    <li><a href=\"https:\/\/tourisme-valaigo.fr\/en\/category\/experience-3\/\" class=\"category experience-3\">Bien \u00e0 deux<\/a><\/li>\n                                                                <\/ul>\n                                                                    <h2><a href=\"https:\/\/tourisme-valaigo.fr\/en\/entre-histoire-et-vin\/\">Entre histoire et vin<\/a><\/h2>\n                                                            <\/div>\n            <\/div>\n                                \n                    <\/div>\n\n                                    <div class=\"htmega-data-title htmega-single-post-slide htmega-postslider-layout-3 -st-layout-4\" data-title=\"Course d\u2019orientation \u00e0 la For\u00eat de Buzet\" data-thumbnail=\"\" >\n\n                                                    <div class=\"thumb\">\n                                <a href=\"https:\/\/tourisme-valaigo.fr\/en\/course-dorientation\/\"><img loading=\"lazy\" decoding=\"async\" width=\"640\" height=\"426\" src=\"https:\/\/tourisme-valaigo.fr\/web\/wp-content\/uploads\/2020\/03\/girl-1718427_640.jpg\" class=\"attachment-htmega_size_1170x536 size-htmega_size_1170x536 wp-post-image\" alt=\"\" srcset=\"https:\/\/tourisme-valaigo.fr\/web\/wp-content\/uploads\/2020\/03\/girl-1718427_640.jpg 640w, https:\/\/tourisme-valaigo.fr\/web\/wp-content\/uploads\/2020\/03\/girl-1718427_640-300x200.jpg 300w\" sizes=\"auto, (max-width: 640px) 100vw, 640px\" \/><\/a>\n                            <\/div>\n                                        <div class=\"content\">\n                <div class=\"post-inner\">\n                                            <ul class=\"post-category\">\n                                                                    <li><a href=\"https:\/\/tourisme-valaigo.fr\/en\/category\/experience\/\" class=\"category experience\">Sympa pour ma tribu<\/a><\/li>\n                                                                <\/ul>\n                                                                    <h2><a href=\"https:\/\/tourisme-valaigo.fr\/en\/course-dorientation\/\">Course d\u2019orientation \u00e0 la For\u00eat<\/a><\/h2>\n                                                            <\/div>\n            <\/div>\n                                \n                    <\/div>\n\n                \n            <\/div>\n        \t\t<\/div>\n\t\t\t\t<\/div>\n\t\t\t\t\t<\/div>\n\t\t<\/div>\n\t\t\t\t\t\t\t<\/div>\n\t\t<\/section>\n\t\t\t\t\t\t\t<\/div>","protected":false},"excerpt":{"rendered":"<p>La vall\u00e9e de l\u2019eau \u00e0 la crois\u00e9e des chemins entre Montauban, Albi et Toulouse M. Blaireau: Direction le monde de Randoland ! Finies les balades o\u00f9 les enfants tra\u00eenent les pieds !&nbsp; Avec les balades ludiques Randoland, ma tribu est partie de l\u2019avant ! A nous la d\u00e9couverte de la jolie cit\u00e9 de Villemur, et [&hellip;]<\/p>","protected":false},"author":2,"featured_media":31953,"comment_status":"closed","ping_status":"closed","sticky":false,"template":"elementor_header_footer","format":"standard","meta":{"om_disable_all_campaigns":false,"_monsterinsights_skip_tracking":false,"_monsterinsights_sitenote_active":false,"_monsterinsights_sitenote_note":"","_monsterinsights_sitenote_category":0,"_uf_show_specific_survey":0,"_uf_disable_surveys":false,"footnotes":""},"categories":[11],"tags":[],"class_list":["post-31934","post","type-post","status-publish","format-standard","has-post-thumbnail","hentry","category-experience","entry","has-media"],"aioseo_notices":[],"yoast_head":"<!-- This site is optimized with the Yoast SEO plugin v23.9 - https:\/\/yoast.com\/wordpress\/plugins\/seo\/ -->\n<title>Direction le monde de Randoland ! - Office de Tourisme Val&#039;A\u00efgo<\/title>\n<meta name=\"robots\" content=\"index, follow, max-snippet:-1, max-image-preview:large, max-video-preview:-1\" \/>\n<link rel=\"canonical\" href=\"https:\/\/tourisme-valaigo.fr\/en\/direction-le-monde-de-randoland\/\" \/>\n<meta property=\"og:locale\" content=\"en_GB\" \/>\n<meta property=\"og:type\" content=\"article\" \/>\n<meta property=\"og:title\" content=\"Direction le monde de Randoland ! - Office de Tourisme Val&#039;A\u00efgo\" \/>\n<meta property=\"og:description\" content=\"La vall\u00e9e de l\u2019eau \u00e0 la crois\u00e9e des chemins entre Montauban, Albi et Toulouse M. Blaireau: Direction le monde de Randoland ! Finies les balades o\u00f9 les enfants tra\u00eenent les pieds !&nbsp; Avec les balades ludiques Randoland, ma tribu est partie de l\u2019avant ! A nous la d\u00e9couverte de la jolie cit\u00e9 de Villemur, et [&hellip;]\" \/>\n<meta property=\"og:url\" content=\"https:\/\/tourisme-valaigo.fr\/en\/direction-le-monde-de-randoland\/\" \/>\n<meta property=\"og:site_name\" content=\"Office de Tourisme Val&#039;A\u00efgo\" \/>\n<meta property=\"article:published_time\" content=\"2021-06-05T08:21:07+00:00\" \/>\n<meta property=\"article:modified_time\" content=\"2021-06-05T08:48:07+00:00\" \/>\n<meta property=\"og:image\" content=\"https:\/\/tourisme-valaigo.fr\/web\/wp-content\/uploads\/2021\/06\/Randoland-4.jpg\" \/>\n\t<meta property=\"og:image:width\" content=\"569\" \/>\n\t<meta property=\"og:image:height\" content=\"389\" \/>\n\t<meta property=\"og:image:type\" content=\"image\/jpeg\" \/>\n<meta name=\"author\" content=\"communication@valaigo.fr\" \/>\n<meta name=\"twitter:card\" content=\"summary_large_image\" \/>\n<meta name=\"twitter:label1\" content=\"Written by\" \/>\n\t<meta name=\"twitter:data1\" content=\"communication@valaigo.fr\" \/>\n\t<meta name=\"twitter:label2\" content=\"Estimated reading time\" \/>\n\t<meta name=\"twitter:data2\" content=\"1 minute\" \/>\n<script type=\"application\/ld+json\" class=\"yoast-schema-graph\">{\"@context\":\"https:\/\/schema.org\",\"@graph\":[{\"@type\":\"Article\",\"@id\":\"https:\/\/tourisme-valaigo.fr\/en\/direction-le-monde-de-randoland\/#article\",\"isPartOf\":{\"@id\":\"https:\/\/tourisme-valaigo.fr\/en\/direction-le-monde-de-randoland\/\"},\"author\":{\"name\":\"communication@valaigo.fr\",\"@id\":\"https:\/\/tourisme-valaigo.fr\/#\/schema\/person\/63f237c1568e2a6945c0c856617f45b8\"},\"headline\":\"Direction le monde de Randoland !\",\"datePublished\":\"2021-06-05T08:21:07+00:00\",\"dateModified\":\"2021-06-05T08:48:07+00:00\",\"mainEntityOfPage\":{\"@id\":\"https:\/\/tourisme-valaigo.fr\/en\/direction-le-monde-de-randoland\/\"},\"wordCount\":249,\"publisher\":{\"@id\":\"https:\/\/tourisme-valaigo.fr\/#organization\"},\"image\":{\"@id\":\"https:\/\/tourisme-valaigo.fr\/en\/direction-le-monde-de-randoland\/#primaryimage\"},\"thumbnailUrl\":\"https:\/\/tourisme-valaigo.fr\/web\/wp-content\/uploads\/2021\/06\/Randoland-4.jpg\",\"articleSection\":[\"Sympa pour ma tribu\"],\"inLanguage\":\"en-GB\"},{\"@type\":\"WebPage\",\"@id\":\"https:\/\/tourisme-valaigo.fr\/en\/direction-le-monde-de-randoland\/\",\"url\":\"https:\/\/tourisme-valaigo.fr\/en\/direction-le-monde-de-randoland\/\",\"name\":\"Direction le monde de Randoland ! - Office de Tourisme Val&#039;A\u00efgo\",\"isPartOf\":{\"@id\":\"https:\/\/tourisme-valaigo.fr\/#website\"},\"primaryImageOfPage\":{\"@id\":\"https:\/\/tourisme-valaigo.fr\/en\/direction-le-monde-de-randoland\/#primaryimage\"},\"image\":{\"@id\":\"https:\/\/tourisme-valaigo.fr\/en\/direction-le-monde-de-randoland\/#primaryimage\"},\"thumbnailUrl\":\"https:\/\/tourisme-valaigo.fr\/web\/wp-content\/uploads\/2021\/06\/Randoland-4.jpg\",\"datePublished\":\"2021-06-05T08:21:07+00:00\",\"dateModified\":\"2021-06-05T08:48:07+00:00\",\"breadcrumb\":{\"@id\":\"https:\/\/tourisme-valaigo.fr\/en\/direction-le-monde-de-randoland\/#breadcrumb\"},\"inLanguage\":\"en-GB\",\"potentialAction\":[{\"@type\":\"ReadAction\",\"target\":[\"https:\/\/tourisme-valaigo.fr\/en\/direction-le-monde-de-randoland\/\"]}]},{\"@type\":\"ImageObject\",\"inLanguage\":\"en-GB\",\"@id\":\"https:\/\/tourisme-valaigo.fr\/en\/direction-le-monde-de-randoland\/#primaryimage\",\"url\":\"https:\/\/tourisme-valaigo.fr\/web\/wp-content\/uploads\/2021\/06\/Randoland-4.jpg\",\"contentUrl\":\"https:\/\/tourisme-valaigo.fr\/web\/wp-content\/uploads\/2021\/06\/Randoland-4.jpg\",\"width\":569,\"height\":389},{\"@type\":\"BreadcrumbList\",\"@id\":\"https:\/\/tourisme-valaigo.fr\/en\/direction-le-monde-de-randoland\/#breadcrumb\",\"itemListElement\":[{\"@type\":\"ListItem\",\"position\":1,\"name\":\"Accueil\",\"item\":\"https:\/\/tourisme-valaigo.fr\/\"},{\"@type\":\"ListItem\",\"position\":2,\"name\":\"Direction le monde de Randoland !\"}]},{\"@type\":\"WebSite\",\"@id\":\"https:\/\/tourisme-valaigo.fr\/#website\",\"url\":\"https:\/\/tourisme-valaigo.fr\/\",\"name\":\"Office de Tourisme Val&#039;A\u00efgo\",\"description\":\"Bienvenue en Val\\\\&#039;A\u00efgo\",\"publisher\":{\"@id\":\"https:\/\/tourisme-valaigo.fr\/#organization\"},\"potentialAction\":[{\"@type\":\"SearchAction\",\"target\":{\"@type\":\"EntryPoint\",\"urlTemplate\":\"https:\/\/tourisme-valaigo.fr\/?s={search_term_string}\"},\"query-input\":{\"@type\":\"PropertyValueSpecification\",\"valueRequired\":true,\"valueName\":\"search_term_string\"}}],\"inLanguage\":\"en-GB\"},{\"@type\":\"Organization\",\"@id\":\"https:\/\/tourisme-valaigo.fr\/#organization\",\"name\":\"Office de Tourisme Val&#039;A\u00efgo\",\"url\":\"https:\/\/tourisme-valaigo.fr\/\",\"logo\":{\"@type\":\"ImageObject\",\"inLanguage\":\"en-GB\",\"@id\":\"https:\/\/tourisme-valaigo.fr\/#\/schema\/logo\/image\/\",\"url\":\"https:\/\/tourisme-valaigo.fr\/web\/wp-content\/uploads\/2020\/07\/Logo-OT2020.png\",\"contentUrl\":\"https:\/\/tourisme-valaigo.fr\/web\/wp-content\/uploads\/2020\/07\/Logo-OT2020.png\",\"width\":500,\"height\":176,\"caption\":\"Office de Tourisme Val&#039;A\u00efgo\"},\"image\":{\"@id\":\"https:\/\/tourisme-valaigo.fr\/#\/schema\/logo\/image\/\"}},{\"@type\":\"Person\",\"@id\":\"https:\/\/tourisme-valaigo.fr\/#\/schema\/person\/63f237c1568e2a6945c0c856617f45b8\",\"name\":\"communication@valaigo.fr\",\"image\":{\"@type\":\"ImageObject\",\"inLanguage\":\"en-GB\",\"@id\":\"https:\/\/tourisme-valaigo.fr\/#\/schema\/person\/image\/\",\"url\":\"https:\/\/secure.gravatar.com\/avatar\/10a5ce93619000768111327c08ceb9b79696fb55d02ad9af5a55f2052cf1a333?s=96&d=mm&r=g\",\"contentUrl\":\"https:\/\/secure.gravatar.com\/avatar\/10a5ce93619000768111327c08ceb9b79696fb55d02ad9af5a55f2052cf1a333?s=96&d=mm&r=g\",\"caption\":\"communication@valaigo.fr\"},\"url\":\"https:\/\/tourisme-valaigo.fr\/en\"}]}<\/script>\n<!-- \/ Yoast SEO plugin. -->","yoast_head_json":{"title":"Direction le monde de Randoland ! - Office de Tourisme Val&#039;A\u00efgo","robots":{"index":"index","follow":"follow","max-snippet":"max-snippet:-1","max-image-preview":"max-image-preview:large","max-video-preview":"max-video-preview:-1"},"canonical":"https:\/\/tourisme-valaigo.fr\/en\/direction-le-monde-de-randoland\/","og_locale":"en_GB","og_type":"article","og_title":"Direction le monde de Randoland ! - Office de Tourisme Val&#039;A\u00efgo","og_description":"La vall\u00e9e de l\u2019eau \u00e0 la crois\u00e9e des chemins entre Montauban, Albi et Toulouse M. Blaireau: Direction le monde de Randoland ! Finies les balades o\u00f9 les enfants tra\u00eenent les pieds !&nbsp; Avec les balades ludiques Randoland, ma tribu est partie de l\u2019avant ! A nous la d\u00e9couverte de la jolie cit\u00e9 de Villemur, et [&hellip;]","og_url":"https:\/\/tourisme-valaigo.fr\/en\/direction-le-monde-de-randoland\/","og_site_name":"Office de Tourisme Val&#039;A\u00efgo","article_published_time":"2021-06-05T08:21:07+00:00","article_modified_time":"2021-06-05T08:48:07+00:00","og_image":[{"width":569,"height":389,"url":"https:\/\/tourisme-valaigo.fr\/web\/wp-content\/uploads\/2021\/06\/Randoland-4.jpg","type":"image\/jpeg"}],"author":"communication@valaigo.fr","twitter_card":"summary_large_image","twitter_misc":{"Written by":"communication@valaigo.fr","Estimated reading time":"1 minute"},"schema":{"@context":"https:\/\/schema.org","@graph":[{"@type":"Article","@id":"https:\/\/tourisme-valaigo.fr\/en\/direction-le-monde-de-randoland\/#article","isPartOf":{"@id":"https:\/\/tourisme-valaigo.fr\/en\/direction-le-monde-de-randoland\/"},"author":{"name":"communication@valaigo.fr","@id":"https:\/\/tourisme-valaigo.fr\/#\/schema\/person\/63f237c1568e2a6945c0c856617f45b8"},"headline":"Direction le monde de Randoland !","datePublished":"2021-06-05T08:21:07+00:00","dateModified":"2021-06-05T08:48:07+00:00","mainEntityOfPage":{"@id":"https:\/\/tourisme-valaigo.fr\/en\/direction-le-monde-de-randoland\/"},"wordCount":249,"publisher":{"@id":"https:\/\/tourisme-valaigo.fr\/#organization"},"image":{"@id":"https:\/\/tourisme-valaigo.fr\/en\/direction-le-monde-de-randoland\/#primaryimage"},"thumbnailUrl":"https:\/\/tourisme-valaigo.fr\/web\/wp-content\/uploads\/2021\/06\/Randoland-4.jpg","articleSection":["Sympa pour ma tribu"],"inLanguage":"en-GB"},{"@type":"WebPage","@id":"https:\/\/tourisme-valaigo.fr\/en\/direction-le-monde-de-randoland\/","url":"https:\/\/tourisme-valaigo.fr\/en\/direction-le-monde-de-randoland\/","name":"Direction le monde de Randoland ! - Office de Tourisme Val&#039;A\u00efgo","isPartOf":{"@id":"https:\/\/tourisme-valaigo.fr\/#website"},"primaryImageOfPage":{"@id":"https:\/\/tourisme-valaigo.fr\/en\/direction-le-monde-de-randoland\/#primaryimage"},"image":{"@id":"https:\/\/tourisme-valaigo.fr\/en\/direction-le-monde-de-randoland\/#primaryimage"},"thumbnailUrl":"https:\/\/tourisme-valaigo.fr\/web\/wp-content\/uploads\/2021\/06\/Randoland-4.jpg","datePublished":"2021-06-05T08:21:07+00:00","dateModified":"2021-06-05T08:48:07+00:00","breadcrumb":{"@id":"https:\/\/tourisme-valaigo.fr\/en\/direction-le-monde-de-randoland\/#breadcrumb"},"inLanguage":"en-GB","potentialAction":[{"@type":"ReadAction","target":["https:\/\/tourisme-valaigo.fr\/en\/direction-le-monde-de-randoland\/"]}]},{"@type":"ImageObject","inLanguage":"en-GB","@id":"https:\/\/tourisme-valaigo.fr\/en\/direction-le-monde-de-randoland\/#primaryimage","url":"https:\/\/tourisme-valaigo.fr\/web\/wp-content\/uploads\/2021\/06\/Randoland-4.jpg","contentUrl":"https:\/\/tourisme-valaigo.fr\/web\/wp-content\/uploads\/2021\/06\/Randoland-4.jpg","width":569,"height":389},{"@type":"BreadcrumbList","@id":"https:\/\/tourisme-valaigo.fr\/en\/direction-le-monde-de-randoland\/#breadcrumb","itemListElement":[{"@type":"ListItem","position":1,"name":"Accueil","item":"https:\/\/tourisme-valaigo.fr\/"},{"@type":"ListItem","position":2,"name":"Direction le monde de Randoland !"}]},{"@type":"WebSite","@id":"https:\/\/tourisme-valaigo.fr\/#website","url":"https:\/\/tourisme-valaigo.fr\/","name":"Office de Tourisme Val&#039;A\u00efgo","description":"Bienvenue en Val\\&#039;A\u00efgo","publisher":{"@id":"https:\/\/tourisme-valaigo.fr\/#organization"},"potentialAction":[{"@type":"SearchAction","target":{"@type":"EntryPoint","urlTemplate":"https:\/\/tourisme-valaigo.fr\/?s={search_term_string}"},"query-input":{"@type":"PropertyValueSpecification","valueRequired":true,"valueName":"search_term_string"}}],"inLanguage":"en-GB"},{"@type":"Organization","@id":"https:\/\/tourisme-valaigo.fr\/#organization","name":"Office de Tourisme Val&#039;A\u00efgo","url":"https:\/\/tourisme-valaigo.fr\/","logo":{"@type":"ImageObject","inLanguage":"en-GB","@id":"https:\/\/tourisme-valaigo.fr\/#\/schema\/logo\/image\/","url":"https:\/\/tourisme-valaigo.fr\/web\/wp-content\/uploads\/2020\/07\/Logo-OT2020.png","contentUrl":"https:\/\/tourisme-valaigo.fr\/web\/wp-content\/uploads\/2020\/07\/Logo-OT2020.png","width":500,"height":176,"caption":"Office de Tourisme Val&#039;A\u00efgo"},"image":{"@id":"https:\/\/tourisme-valaigo.fr\/#\/schema\/logo\/image\/"}},{"@type":"Person","@id":"https:\/\/tourisme-valaigo.fr\/#\/schema\/person\/63f237c1568e2a6945c0c856617f45b8","name":"communication@valaigo.fr","image":{"@type":"ImageObject","inLanguage":"en-GB","@id":"https:\/\/tourisme-valaigo.fr\/#\/schema\/person\/image\/","url":"https:\/\/secure.gravatar.com\/avatar\/10a5ce93619000768111327c08ceb9b79696fb55d02ad9af5a55f2052cf1a333?s=96&d=mm&r=g","contentUrl":"https:\/\/secure.gravatar.com\/avatar\/10a5ce93619000768111327c08ceb9b79696fb55d02ad9af5a55f2052cf1a333?s=96&d=mm&r=g","caption":"communication@valaigo.fr"},"url":"https:\/\/tourisme-valaigo.fr\/en"}]}},"_links":{"self":[{"href":"https:\/\/tourisme-valaigo.fr\/en\/wp-json\/wp\/v2\/posts\/31934","targetHints":{"allow":["GET"]}}],"collection":[{"href":"https:\/\/tourisme-valaigo.fr\/en\/wp-json\/wp\/v2\/posts"}],"about":[{"href":"https:\/\/tourisme-valaigo.fr\/en\/wp-json\/wp\/v2\/types\/post"}],"author":[{"embeddable":true,"href":"https:\/\/tourisme-valaigo.fr\/en\/wp-json\/wp\/v2\/users\/2"}],"replies":[{"embeddable":true,"href":"https:\/\/tourisme-valaigo.fr\/en\/wp-json\/wp\/v2\/comments?post=31934"}],"version-history":[{"count":9,"href":"https:\/\/tourisme-valaigo.fr\/en\/wp-json\/wp\/v2\/posts\/31934\/revisions"}],"predecessor-version":[{"id":31952,"href":"https:\/\/tourisme-valaigo.fr\/en\/wp-json\/wp\/v2\/posts\/31934\/revisions\/31952"}],"wp:featuredmedia":[{"embeddable":true,"href":"https:\/\/tourisme-valaigo.fr\/en\/wp-json\/wp\/v2\/media\/31953"}],"wp:attachment":[{"href":"https:\/\/tourisme-valaigo.fr\/en\/wp-json\/wp\/v2\/media?parent=31934"}],"wp:term":[{"taxonomy":"category","embeddable":true,"href":"https:\/\/tourisme-valaigo.fr\/en\/wp-json\/wp\/v2\/categories?post=31934"},{"taxonomy":"post_tag","embeddable":true,"href":"https:\/\/tourisme-valaigo.fr\/en\/wp-json\/wp\/v2\/tags?post=31934"}],"curies":[{"name":"wp","href":"https:\/\/api.w.org\/{rel}","templated":true}]}}